{"id":377,"date":"2021-07-02T16:13:39","date_gmt":"2021-07-02T16:13:39","guid":{"rendered":"http:\/\/cm-cantanhede.pt\/rbc\/?p=377"},"modified":"2021-07-02T16:14:35","modified_gmt":"2021-07-02T16:14:35","slug":"exposicao-de-pintura-as-mascaras-do-tempo","status":"publish","type":"post","link":"https:\/\/rbc.cm-cantanhede.pt\/?p=377","title":{"rendered":"Exposi\u00e7\u00e3o de pintura As M\u00e1scaras do Tempo"},"content":{"rendered":"\n<p>Est\u00e1 patente na Biblioteca Municipal de Cantanhede, de 2 de junho a 31 de julho, a exposi\u00e7\u00e3o \u201cAs M\u00e1scaras do Tempo\u201d.<\/p>\n\n\n\n<p>A mostra \u00e9 constitu\u00edda por 19 trabalhos de pintura, realizados por 8 alunos do Ateli\u00ea Nova Acr\u00f3pole \u2013 Coimbra, coordenado pela artista pl\u00e1stica Fran\u00e7oise Terseur.<\/p>\n\n\n\n<p>Subordinada \u00e0 tem\u00e1tica \u201cm\u00e1scara\u201d, os trabalhos espelham de forma art\u00edstica as diferentes formas como cada artista testemunhou a situa\u00e7\u00e3o vivida recentemente a n\u00edvel mundial, decorrente da pandemia da COVID-19.<\/p>\n\n\n\n<p>Os artistas imprimiram nos trabalhos o seu olhar pessoal sobre a viv\u00eancia do fen\u00f3meno da pandemia e a condicionante a que que a mesmo obrigou, a utiliza\u00e7\u00e3o da m\u00e1scara, procurando plasmar nas obras produzidas conceitos que entenderam relacionados com o fen\u00f3meno.<\/p>\n\n\n\n<p>Em exposi\u00e7\u00e3o est\u00e3o trabalhos realizados por Ant\u00f3nio Oliveira Lopes, Elvira Santos Abrantes, F\u00e1tima Negr\u00e3o, Fran\u00e7oise Terseur, Helena Almeida, Lu\u00edsa Abreu, Maria Jos\u00e9 Ferreira Santo e Ralph Schottler, executados com recurso a v\u00e1rias t\u00e9cnicas de pintura, nomeadamente acr\u00edlico, modelagem, colagem e t\u00e9cnicas mistas sobre tela.<\/p>\n\n\n\n<p>A Nova Acr\u00f3pole \u00e9 uma associa\u00e7\u00e3o cultural internacional sem fins lucrativos, que tem como miss\u00e3o promover atividades culturais e sociais nos mais diversos campos. Esta organiza\u00e7\u00e3o integra pessoas de todas as idades, etnias, n\u00edveis socioculturais e nacionalidades.<\/p>\n\n\n\n<p>Fundada em 1957 pelo professor Jorge Angel Livraga Rizzi, em Buenos Aires, Argentina, a Associa\u00e7\u00e3o Nova Acr\u00f3pole tem-se preocupado, especialmente, com a forma\u00e7\u00e3o filos\u00f3fica dos jovens, adaptada \u00e0 \u00e9poca atual, de uma forma independente e alheia a qualquer influ\u00eancia religiosa, pol\u00edtica ou socioecon\u00f3mica. Atualmente, a Associa\u00e7\u00e3o Cultural Nova Acr\u00f3pole est\u00e1 presente em mais de 50 pa\u00edses do mundo, reunindo mais de quinze mil membros ativos e centenas de milhar de simpatizantes que se exprimem em mais de dezoito idiomas e representam uma vasta gama de confiss\u00f5es religiosas, origens \u00e9tnicas e heran\u00e7as culturais, oferecendo um magn\u00edfico exemplo de coexist\u00eancia fraterna e m\u00fatua compreens\u00e3o.<\/p>\n\n\n\n<p><\/p>\n\n\n\n<figure class=\"wp-block-gallery columns-3 is-cropped wp-block-gallery-1 is-layout-flex wp-block-gallery-is-layout-flex\"><ul class=\"blocks-gallery-grid\"><li class=\"blocks-gallery-item\"><figure><img decoding=\"async\" src=\"blob:https:\/\/cm-cantanhede.pt\/5ffe0bdc-81bf-4301-85bf-e145731292d4\" data-id=\"\"\/><\/figure><\/li><li class=\"blocks-gallery-item\"><figure><img decoding=\"async\" src=\"blob:https:\/\/cm-cantanhede.pt\/288ad836-5577-4601-900a-2e62b28262e3\" data-id=\"\"\/><\/figure><\/li><li class=\"blocks-gallery-item\"><figure><img decoding=\"async\" src=\"blob:https:\/\/cm-cantanhede.pt\/2144f2b5-4ab5-49d2-b9c0-2ba2fcf5de07\" data-id=\"\"\/><\/figure><\/li><li class=\"blocks-gallery-item\"><figure><img decoding=\"async\" src=\"blob:https:\/\/cm-cantanhede.pt\/807258e5-ef0c-4ca7-9797-551e677fc139\" data-id=\"\"\/><\/figure><\/li><li class=\"blocks-gallery-item\"><figure><img decoding=\"async\" src=\"blob:https:\/\/cm-cantanhede.pt\/a82e040a-63d6-4edb-93fb-274e9eaaf417\" data-id=\"\"\/><\/figure><\/li><li class=\"blocks-gallery-item\"><figure><img decoding=\"async\" src=\"blob:https:\/\/cm-cantanhede.pt\/709816a1-3bb6-451f-b692-c61cb985b2df\" data-id=\"\"\/><\/figure><\/li><\/ul><\/figure>\n","protected":false},"excerpt":{"rendered":"<p>Est\u00e1 patente na Biblioteca Municipal de Cantanhede, de 2 de junho a 31 de julho, a exposi\u00e7\u00e3o \u201cAs M\u00e1scaras do Tempo\u201d. A mostra \u00e9 constitu\u00edda por 19 trabalhos de pintura,&hellip;<a href=\"https:\/\/rbc.cm-cantanhede.pt\/?p=377\" class=\"more-link\"><span class=\"more-button\">Continuar a ler&#8230;<span class=\"screen-reader-text\">Exposi\u00e7\u00e3o de pintura As M\u00e1scaras do Tempo<\/span><\/span><\/a><\/p>\n","protected":false},"author":1,"featured_media":378,"comment_status":"closed","ping_status":"open","sticky":false,"template":"","format":"standard","meta":{"footnotes":""},"categories":[11,3],"tags":[],"class_list":["post-377","post","type-post","status-publish","format-standard","has-post-thumbnail","hentry","category-eventos","category-noticias"],"_links":{"self":[{"href":"https:\/\/rbc.cm-cantanhede.pt\/index.php?rest_route=\/wp\/v2\/posts\/377","targetHints":{"allow":["GET"]}}],"collection":[{"href":"https:\/\/rbc.cm-cantanhede.pt\/index.php?rest_route=\/wp\/v2\/posts"}],"about":[{"href":"https:\/\/rbc.cm-cantanhede.pt\/index.php?rest_route=\/wp\/v2\/types\/post"}],"author":[{"embeddable":true,"href":"https:\/\/rbc.cm-cantanhede.pt\/index.php?rest_route=\/wp\/v2\/users\/1"}],"replies":[{"embeddable":true,"href":"https:\/\/rbc.cm-cantanhede.pt\/index.php?rest_route=%2Fwp%2Fv2%2Fcomments&post=377"}],"version-history":[{"count":4,"href":"https:\/\/rbc.cm-cantanhede.pt\/index.php?rest_route=\/wp\/v2\/posts\/377\/revisions"}],"predecessor-version":[{"id":392,"href":"https:\/\/rbc.cm-cantanhede.pt\/index.php?rest_route=\/wp\/v2\/posts\/377\/revisions\/392"}],"wp:featuredmedia":[{"embeddable":true,"href":"https:\/\/rbc.cm-cantanhede.pt\/index.php?rest_route=\/wp\/v2\/media\/378"}],"wp:attachment":[{"href":"https:\/\/rbc.cm-cantanhede.pt\/index.php?rest_route=%2Fwp%2Fv2%2Fmedia&parent=377"}],"wp:term":[{"taxonomy":"category","embeddable":true,"href":"https:\/\/rbc.cm-cantanhede.pt\/index.php?rest_route=%2Fwp%2Fv2%2Fcategories&post=377"},{"taxonomy":"post_tag","embeddable":true,"href":"https:\/\/rbc.cm-cantanhede.pt\/index.php?rest_route=%2Fwp%2Fv2%2Ftags&post=377"}],"curies":[{"name":"wp","href":"https:\/\/api.w.org\/{rel}","templated":true}]}}