{"id":149,"date":"2019-12-02T12:16:43","date_gmt":"2019-12-02T12:16:43","guid":{"rendered":"http:\/\/cm-cantanhede.pt\/rbc3\/?p=149"},"modified":"2021-01-20T14:19:17","modified_gmt":"2021-01-20T14:19:17","slug":"biblioteca-municipal-promove-encontro-da-escritora-lurdes-breda-com-alunos-da-escola-basica-do-bolho","status":"publish","type":"post","link":"https:\/\/rbc.cm-cantanhede.pt\/?p=149","title":{"rendered":"Biblioteca Municipal promove encontro da escritora Lurdes Breda com alunos da Escola B\u00e1sica do Bolho"},"content":{"rendered":"\n<p>Biblioteca Municipal promove encontro da escritora Lurdes Breda com alunos da Escola B\u00e1sica do Bolho<\/p>\n\n\n\n<p>Cerca de trinta alunos assistiram \u00e0 atividade Encontro com a Escritora Lurdes Breda,&nbsp; que decorreu na Escola B\u00e1sica do Bolho, no dia 29 de novembro.&nbsp; \u00c0 sess\u00e3o assistiram todos os alunos do estabelecimento de ensino, acompanhados pelas respetivas docentes.<br>A iniciativa, promovida pela Biblioteca Municipal em parceria com a Biblioteca Escolar do Agrupamento de Escolas Marqu\u00eas de Marialva, decorreu no \u00e2mbito das atividades programadas pela Biblioteca Municipal para assinalar o Dia Mundial das Pessoas com Defici\u00eancia, que se assinala a 3 de dezembro.&nbsp;<\/p>\n\n\n\n<p>Acompanhada por dois elementos da Biblioteca Municipal, a escritora Lurdes Breda falou sobre a sua vasta obra e leu extratos de algumas dos seus mais recentes livros infantojuvenis, partilhando com os alunos alguns factos relacionados com a sua defici\u00eancia f\u00edsica, testemunhando que as suas limita\u00e7\u00f5es f\u00edsicas nunca constitu\u00edram um obst\u00e1culo a uma vida normal e \u00e0 sua profiss\u00e3o de escritora.<br>No final da sess\u00e3o, alunos e docentes puderam adquirir livros da autora, que fez quest\u00e3o de os autografar.<\/p>\n\n\n\n<div class=\"wp-block-image is-style-rounded\"><figure class=\"aligncenter size-large\"><img fetchpriority=\"high\" decoding=\"async\" width=\"823\" height=\"549\" src=\"https:\/\/rbc.cm-cantanhede.pt\/wp-content\/uploads\/\/2021\/01\/2019122_Image2.jpg\" alt=\"\" class=\"wp-image-150\" srcset=\"https:\/\/rbc.cm-cantanhede.pt\/wp-content\/uploads\/2021\/01\/2019122_Image2.jpg 823w, https:\/\/rbc.cm-cantanhede.pt\/wp-content\/uploads\/2021\/01\/2019122_Image2-300x200.jpg 300w, https:\/\/rbc.cm-cantanhede.pt\/wp-content\/uploads\/2021\/01\/2019122_Image2-768x512.jpg 768w, https:\/\/rbc.cm-cantanhede.pt\/wp-content\/uploads\/2021\/01\/2019122_Image2-600x400.jpg 600w, https:\/\/rbc.cm-cantanhede.pt\/wp-content\/uploads\/2021\/01\/2019122_Image2-400x267.jpg 400w\" sizes=\"(max-width: 823px) 100vw, 823px\" \/><\/figure><\/div>\n\n\n\n<p><strong>Sobre Lurdes Breda<\/strong><br><br>Lurdes Breda nasceu em 1970, no concelho de Montemor-o-Velho, Portugal. \u00c9 autora de vinte e quatro obras e coautora de outras onze, editadas em Portugal, no Brasil e em Mo\u00e7ambique. \u00c9 conhecida, sobretudo, como escritora de livros para crian\u00e7as e jovens. O seu livro \u201cO Alfabeto Trapalh\u00e3o\u201d \u00e9 um dos livros aconselhados pela \u201cCasa da Leitura\u201d da Funda\u00e7\u00e3o Calouste Gulbenkian. Foi um dos livros selecionados pela Dire\u00e7\u00e3o-Geral do Livro e das Bibliotecas para estar no Pavilh\u00e3o de Portugal, pa\u00eds convidado em 2012, na Feira do Livro Infantil de Bolonha, em It\u00e1lia. \u00c9, ainda, um dos livros recomendados pelo Plano Nacional de Leitura, 1\u00ba ano, leitura orientada. Ainda em 2012, esteve presente como escritora convidada na \u201cI Mostra de Literatura Infantojuvenil de Maputo\u201d, em Mo\u00e7ambique. Foi premiada em v\u00e1rios certames liter\u00e1rios nacionais e internacionais. Em 2005 foi distinguida com o Pr\u00e9mio \u201cMulheres de Valor\u201d e em 2014 recebeu a Medalha de M\u00e9rito Municipal Cultural. Pertence ao Grupo Po\u00e9tico de Aveiro e \u00e9 membro efetivo da Confraria Cultural Brasil-Portugal.<\/p>\n","protected":false},"excerpt":{"rendered":"<p>Biblioteca Municipal promove encontro da escritora Lurdes Breda com alunos da Escola B\u00e1sica do Bolho Cerca de trinta alunos assistiram \u00e0 atividade Encontro com a Escritora Lurdes Breda,&nbsp; que decorreu&hellip;<a href=\"https:\/\/rbc.cm-cantanhede.pt\/?p=149\" class=\"more-link\"><span class=\"more-button\">Continuar a ler&#8230;<span class=\"screen-reader-text\">Biblioteca Municipal promove encontro da escritora Lurdes Breda com alunos da Escola B\u00e1sica do Bolho<\/span><\/span><\/a><\/p>\n","protected":false},"author":1,"featured_media":151,"comment_status":"closed","ping_status":"open","sticky":false,"template":"","format":"standard","meta":{"footnotes":""},"categories":[3],"tags":[],"class_list":["post-149","post","type-post","status-publish","format-standard","has-post-thumbnail","hentry","category-noticias"],"_links":{"self":[{"href":"https:\/\/rbc.cm-cantanhede.pt\/index.php?rest_route=\/wp\/v2\/posts\/149","targetHints":{"allow":["GET"]}}],"collection":[{"href":"https:\/\/rbc.cm-cantanhede.pt\/index.php?rest_route=\/wp\/v2\/posts"}],"about":[{"href":"https:\/\/rbc.cm-cantanhede.pt\/index.php?rest_route=\/wp\/v2\/types\/post"}],"author":[{"embeddable":true,"href":"https:\/\/rbc.cm-cantanhede.pt\/index.php?rest_route=\/wp\/v2\/users\/1"}],"replies":[{"embeddable":true,"href":"https:\/\/rbc.cm-cantanhede.pt\/index.php?rest_route=%2Fwp%2Fv2%2Fcomments&post=149"}],"version-history":[{"count":1,"href":"https:\/\/rbc.cm-cantanhede.pt\/index.php?rest_route=\/wp\/v2\/posts\/149\/revisions"}],"predecessor-version":[{"id":152,"href":"https:\/\/rbc.cm-cantanhede.pt\/index.php?rest_route=\/wp\/v2\/posts\/149\/revisions\/152"}],"wp:featuredmedia":[{"embeddable":true,"href":"https:\/\/rbc.cm-cantanhede.pt\/index.php?rest_route=\/wp\/v2\/media\/151"}],"wp:attachment":[{"href":"https:\/\/rbc.cm-cantanhede.pt\/index.php?rest_route=%2Fwp%2Fv2%2Fmedia&parent=149"}],"wp:term":[{"taxonomy":"category","embeddable":true,"href":"https:\/\/rbc.cm-cantanhede.pt\/index.php?rest_route=%2Fwp%2Fv2%2Fcategories&post=149"},{"taxonomy":"post_tag","embeddable":true,"href":"https:\/\/rbc.cm-cantanhede.pt\/index.php?rest_route=%2Fwp%2Fv2%2Ftags&post=149"}],"curies":[{"name":"wp","href":"https:\/\/api.w.org\/{rel}","templated":true}]}}