{"id":1236,"date":"2025-02-11T10:22:58","date_gmt":"2025-02-11T10:22:58","guid":{"rendered":"https:\/\/rbc.cm-cantanhede.pt\/?p=1236"},"modified":"2025-02-11T10:27:20","modified_gmt":"2025-02-11T10:27:20","slug":"redescobrindo-camoes-nos-500-anos-do-seu-nascimento","status":"publish","type":"post","link":"https:\/\/rbc.cm-cantanhede.pt\/?p=1236","title":{"rendered":"(Re)descobrindo Cam\u00f5es nos 500 anos do seu nascimento"},"content":{"rendered":"\n<p>Cerca de 75 pessoas participaram na a\u00e7\u00e3o de forma\u00e7\u00e3o \u201c(Re)descobrindo Cam\u00f5es nos 500 anos do seu nascimento\u201d, no audit\u00f3rio da Biblioteca Municipal de Cantanhede, na sexta-feira, dia 31 de janeiro.<\/p>\n\n\n\n<p>A iniciativa, dirigida a professores de todos os n\u00edveis de ensino e \u00e1reas curriculares dos agrupamentos de escolas do concelho, insere-se no Plano Anual de Atividades da Rede de Bibliotecas de Cantanhede.<\/p>\n\n\n\n<p>O orador\/formador foi o professor da Universidade de Coimbra e Comiss\u00e1rio-geral para as Comemora\u00e7\u00f5es do V Centen\u00e1rio do Nascimento de Lu\u00eds Vaz de Cam\u00f5es, Jos\u00e9 Augusto Cardoso Bernardes, especialista em Estudos Camonianos.<\/p>\n\n\n\n<p>O formador aprofundou o conhecimento sobre Lu\u00eds Vaz de Cam\u00f5es e o seu legado, al\u00e9m de propor novas abordagens pedag\u00f3gicas que tornem o ensino de Cam\u00f5es, hoje, mais atual e envolvente. Na express\u00e3o do seu largo saber, num registo t\u00e3o pr\u00f3ximo e af\u00e1vel, n\u00e3o se co\u00edbe de afirmar que, sendo a escola o \u00faltimo reduto de civilidade, \u201cCam\u00f5es continua a ser uma refer\u00eancia agregadora; continuamos a precisar de Cam\u00f5es\u201d.<\/p>\n\n\n\n<p>O vice-presidente da C\u00e2mara Municipal de Cantanhede com o pelouro da Educa\u00e7\u00e3o, Pedro Cardoso, esteve presente na sess\u00e3o e enalteceu a presen\u00e7a de Jos\u00e9 Bernardes, manifestando um reconhecido agradecimento pela disponibilidade demonstrada desde a primeira abordagem para vir a Cantanhede partilhar a sua experi\u00eancia e o seu conhecimento sobre esta extraordin\u00e1ria figura. O autarca destacou a import\u00e2ncia do seu sapiente contributo para a \u00e1rea educacional, perante uma agenda t\u00e3o assoberbada, neste desdobrar e participa\u00e7\u00e3o em in\u00fameras iniciativas como esta e tantas outras, nos quatro cantos do pa\u00eds e do mundo.<\/p>\n\n\n\n<p>\u201cPara tornar o ensino de Cam\u00f5es mais atual e envolvente, \u00e9 fundamental adotar abordagens pedag\u00f3gicas que conectem sua obra aos interesses e realidades dos<\/p>\n\n\n\n<p>alunos, dar a conhecer esta figura maior da Portugalidade a uma gera\u00e7\u00e3o t\u00e3o absorvida por tantos outros desafios\u201d, sublinhou o autarca.<\/p>\n\n\n\n<p>A a\u00e7\u00e3o de forma\u00e7\u00e3o foi organizada pela Rede de Bibliotecas de Cantanhede, que envolve as bibliotecas escolares e o Munic\u00edpio de Cantanhede, com apoio do Centro de Forma\u00e7\u00e3o de Associa\u00e7\u00f5es de Escolas (CFAE) Beira Mar.<\/p>\n\n\n\n<p>No mesmo dia, a Biblioteca Municipal recebeu produtores de gastronomia local, que tiveram os seus produtos \u00e0 venda. Isabel Minhoto trouxe tremo\u00e7os, enquanto a Av\u00f3 Madalena levou os tradicionais bolos de An\u00e7\u00e3 e o famoso bolo de cornos. A Quinta do Vale D&#8217;Igreja participou com uma variedade de del\u00edcias, incluindo licor Lifr\u00e9u, bolo da P\u00e1scoa, mel, espumante e vinho.<\/p>\n\n\n\n<figure class=\"wp-block-gallery has-nested-images columns-default is-cropped wp-block-gallery-1 is-layout-flex wp-block-gallery-is-layout-flex\">\n<figure class=\"wp-block-image size-large\"><img fetchpriority=\"high\" decoding=\"async\" width=\"1024\" height=\"768\" data-id=\"1241\" src=\"https:\/\/rbc.cm-cantanhede.pt\/wp-content\/uploads\/2025\/02\/1-1-1024x768.jpg\" alt=\"\" class=\"wp-image-1241\" srcset=\"https:\/\/rbc.cm-cantanhede.pt\/wp-content\/uploads\/2025\/02\/1-1-1024x768.jpg 1024w, https:\/\/rbc.cm-cantanhede.pt\/wp-content\/uploads\/2025\/02\/1-1-300x225.jpg 300w, https:\/\/rbc.cm-cantanhede.pt\/wp-content\/uploads\/2025\/02\/1-1-768x576.jpg 768w, https:\/\/rbc.cm-cantanhede.pt\/wp-content\/uploads\/2025\/02\/1-1-1536x1152.jpg 1536w, https:\/\/rbc.cm-cantanhede.pt\/wp-content\/uploads\/2025\/02\/1-1-2048x1536.jpg 2048w, https:\/\/rbc.cm-cantanhede.pt\/wp-content\/uploads\/2025\/02\/1-1-825x620.jpg 825w, https:\/\/rbc.cm-cantanhede.pt\/wp-content\/uploads\/2025\/02\/1-1-1333x1000.jpg 1333w, https:\/\/rbc.cm-cantanhede.pt\/wp-content\/uploads\/2025\/02\/1-1-600x450.jpg 600w, https:\/\/rbc.cm-cantanhede.pt\/wp-content\/uploads\/2025\/02\/1-1-400x300.jpg 400w\" sizes=\"(max-width: 1024px) 100vw, 1024px\" \/><\/figure>\n\n\n\n<figure class=\"wp-block-image size-large\"><img decoding=\"async\" width=\"1024\" height=\"768\" data-id=\"1243\" src=\"https:\/\/rbc.cm-cantanhede.pt\/wp-content\/uploads\/2025\/02\/2-1024x768.jpg\" alt=\"\" class=\"wp-image-1243\" srcset=\"https:\/\/rbc.cm-cantanhede.pt\/wp-content\/uploads\/2025\/02\/2-1024x768.jpg 1024w, https:\/\/rbc.cm-cantanhede.pt\/wp-content\/uploads\/2025\/02\/2-300x225.jpg 300w, https:\/\/rbc.cm-cantanhede.pt\/wp-content\/uploads\/2025\/02\/2-768x576.jpg 768w, https:\/\/rbc.cm-cantanhede.pt\/wp-content\/uploads\/2025\/02\/2-1536x1152.jpg 1536w, https:\/\/rbc.cm-cantanhede.pt\/wp-content\/uploads\/2025\/02\/2-2048x1536.jpg 2048w, https:\/\/rbc.cm-cantanhede.pt\/wp-content\/uploads\/2025\/02\/2-825x620.jpg 825w, https:\/\/rbc.cm-cantanhede.pt\/wp-content\/uploads\/2025\/02\/2-1333x1000.jpg 1333w, https:\/\/rbc.cm-cantanhede.pt\/wp-content\/uploads\/2025\/02\/2-600x450.jpg 600w, https:\/\/rbc.cm-cantanhede.pt\/wp-content\/uploads\/2025\/02\/2-400x300.jpg 400w\" sizes=\"(max-width: 1024px) 100vw, 1024px\" \/><\/figure>\n\n\n\n<figure class=\"wp-block-image size-large\"><img decoding=\"async\" width=\"1024\" height=\"768\" data-id=\"1242\" src=\"https:\/\/rbc.cm-cantanhede.pt\/wp-content\/uploads\/2025\/02\/3-1024x768.jpg\" alt=\"\" class=\"wp-image-1242\" srcset=\"https:\/\/rbc.cm-cantanhede.pt\/wp-content\/uploads\/2025\/02\/3-1024x768.jpg 1024w, https:\/\/rbc.cm-cantanhede.pt\/wp-content\/uploads\/2025\/02\/3-300x225.jpg 300w, https:\/\/rbc.cm-cantanhede.pt\/wp-content\/uploads\/2025\/02\/3-768x576.jpg 768w, https:\/\/rbc.cm-cantanhede.pt\/wp-content\/uploads\/2025\/02\/3-1536x1152.jpg 1536w, https:\/\/rbc.cm-cantanhede.pt\/wp-content\/uploads\/2025\/02\/3-2048x1536.jpg 2048w, https:\/\/rbc.cm-cantanhede.pt\/wp-content\/uploads\/2025\/02\/3-825x620.jpg 825w, https:\/\/rbc.cm-cantanhede.pt\/wp-content\/uploads\/2025\/02\/3-1333x1000.jpg 1333w, https:\/\/rbc.cm-cantanhede.pt\/wp-content\/uploads\/2025\/02\/3-600x450.jpg 600w, https:\/\/rbc.cm-cantanhede.pt\/wp-content\/uploads\/2025\/02\/3-400x300.jpg 400w\" sizes=\"(max-width: 1024px) 100vw, 1024px\" \/><\/figure>\n<\/figure>\n","protected":false},"excerpt":{"rendered":"<p>Cerca de 75 pessoas participaram na a\u00e7\u00e3o de forma\u00e7\u00e3o \u201c(Re)descobrindo Cam\u00f5es nos 500 anos do seu nascimento\u201d, no audit\u00f3rio da Biblioteca Municipal de Cantanhede, na sexta-feira, dia 31 de janeiro.&hellip;<a href=\"https:\/\/rbc.cm-cantanhede.pt\/?p=1236\" class=\"more-link\"><span class=\"more-button\">Continuar a ler&#8230;<span class=\"screen-reader-text\">(Re)descobrindo Cam\u00f5es nos 500 anos do seu nascimento<\/span><\/span><\/a><\/p>\n","protected":false},"author":2,"featured_media":1238,"comment_status":"closed","ping_status":"open","sticky":false,"template":"","format":"standard","meta":{"footnotes":""},"categories":[10,3],"tags":[],"class_list":["post-1236","post","type-post","status-publish","format-standard","has-post-thumbnail","hentry","category-formacao","category-noticias"],"_links":{"self":[{"href":"https:\/\/rbc.cm-cantanhede.pt\/index.php?rest_route=\/wp\/v2\/posts\/1236","targetHints":{"allow":["GET"]}}],"collection":[{"href":"https:\/\/rbc.cm-cantanhede.pt\/index.php?rest_route=\/wp\/v2\/posts"}],"about":[{"href":"https:\/\/rbc.cm-cantanhede.pt\/index.php?rest_route=\/wp\/v2\/types\/post"}],"author":[{"embeddable":true,"href":"https:\/\/rbc.cm-cantanhede.pt\/index.php?rest_route=\/wp\/v2\/users\/2"}],"replies":[{"embeddable":true,"href":"https:\/\/rbc.cm-cantanhede.pt\/index.php?rest_route=%2Fwp%2Fv2%2Fcomments&post=1236"}],"version-history":[{"count":2,"href":"https:\/\/rbc.cm-cantanhede.pt\/index.php?rest_route=\/wp\/v2\/posts\/1236\/revisions"}],"predecessor-version":[{"id":1244,"href":"https:\/\/rbc.cm-cantanhede.pt\/index.php?rest_route=\/wp\/v2\/posts\/1236\/revisions\/1244"}],"wp:featuredmedia":[{"embeddable":true,"href":"https:\/\/rbc.cm-cantanhede.pt\/index.php?rest_route=\/wp\/v2\/media\/1238"}],"wp:attachment":[{"href":"https:\/\/rbc.cm-cantanhede.pt\/index.php?rest_route=%2Fwp%2Fv2%2Fmedia&parent=1236"}],"wp:term":[{"taxonomy":"category","embeddable":true,"href":"https:\/\/rbc.cm-cantanhede.pt\/index.php?rest_route=%2Fwp%2Fv2%2Fcategories&post=1236"},{"taxonomy":"post_tag","embeddable":true,"href":"https:\/\/rbc.cm-cantanhede.pt\/index.php?rest_route=%2Fwp%2Fv2%2Ftags&post=1236"}],"curies":[{"name":"wp","href":"https:\/\/api.w.org\/{rel}","templated":true}]}}